{"id":41909,"date":"2023-06-04T10:38:27","date_gmt":"2023-06-04T10:38:27","guid":{"rendered":"https:\/\/www.propertyforsalegrancanaria.com\/abzugsfaehige-ausgaben-vivienda-vacacional\/"},"modified":"2025-04-16T12:22:28","modified_gmt":"2025-04-16T12:22:28","slug":"abzugsfaehige-ausgaben-vivienda-vacacional","status":"publish","type":"post","link":"https:\/\/www.propertyforsalegrancanaria.com\/de\/abzugsfaehige-ausgaben-vivienda-vacacional\/","title":{"rendered":"ABZUGSF\u00c4HIGE AUSGABEN VIVIENDA VACACIONAL"},"content":{"rendered":"\t\t<div data-elementor-type=\"wp-post\" data-elementor-id=\"41909\" class=\"elementor elementor-41909 elementor-10852\" data-elementor-post-type=\"post\">\n\t\t\t\t\t\t<section class=\"elementor-section elementor-top-section elementor-element elementor-element-1958d87 elementor-section-boxed elementor-section-height-default elementor-section-height-default\" data-id=\"1958d87\" data-element_type=\"section\" data-e-type=\"section\">\n\t\t\t\t\t\t<div class=\"elementor-container elementor-column-gap-default\">\n\t\t\t\t\t<div class=\"elementor-column elementor-col-100 elementor-top-column elementor-element elementor-element-caf1f74\" data-id=\"caf1f74\" data-element_type=\"column\" data-e-type=\"column\">\n\t\t\t<div class=\"elementor-widget-wrap elementor-element-populated\">\n\t\t\t\t\t\t<div class=\"elementor-element elementor-element-0e00384 elementor-widget elementor-widget-heading\" data-id=\"0e00384\" data-element_type=\"widget\" data-e-type=\"widget\" data-widget_type=\"heading.default\">\n\t\t\t\t<div class=\"elementor-widget-container\">\n\t\t\t\t\t<h2 class=\"elementor-heading-title elementor-size-default\">WIE HOCH SIND DIE STEUERABZ\u00dcGE F\u00dcR DIEJENIGEN, DIE EIN FERIENHAUS MIT EINER REGUL\u00c4REN VIVIENDA VACACIONAL LIZENZ AUF DEN KANARISCHEN INSELN BESITZEN?<\/h2>\t\t\t\t<\/div>\n\t\t\t\t<\/div>\n\t\t\t\t<div class=\"elementor-element elementor-element-2883b11 elementor-widget elementor-widget-text-editor\" data-id=\"2883b11\" data-element_type=\"widget\" data-e-type=\"widget\" data-widget_type=\"text-editor.default\">\n\t\t\t\t<div class=\"elementor-widget-container\">\n\t\t\t\t\t\t\t\t\t<p><span style=\"color: #000000;\">Viele Menschen stellen mir diese Frage bei telefonischen oder pers\u00f6nlichen Gespr\u00e4chen, daher habe ich mich entschlossen, sie im Folgenden zusammenzufassen, um Klarheit zu schaffen.<\/span><\/p>\t\t\t\t\t\t\t\t<\/div>\n\t\t\t\t<\/div>\n\t\t\t\t\t<\/div>\n\t\t<\/div>\n\t\t\t\t\t<\/div>\n\t\t<\/section>\n\t\t\t\t<section class=\"elementor-section elementor-top-section elementor-element elementor-element-0738e9d elementor-section-boxed elementor-section-height-default elementor-section-height-default\" data-id=\"0738e9d\" data-element_type=\"section\" data-e-type=\"section\">\n\t\t\t\t\t\t<div class=\"elementor-container elementor-column-gap-default\">\n\t\t\t\t\t<div class=\"elementor-column elementor-col-100 elementor-top-column elementor-element elementor-element-31f0d24\" data-id=\"31f0d24\" data-element_type=\"column\" data-e-type=\"column\">\n\t\t\t<div class=\"elementor-widget-wrap elementor-element-populated\">\n\t\t\t\t\t\t<div class=\"elementor-element elementor-element-f478e7b elementor-widget elementor-widget-heading\" data-id=\"f478e7b\" data-element_type=\"widget\" data-e-type=\"widget\" data-widget_type=\"heading.default\">\n\t\t\t\t<div class=\"elementor-widget-container\">\n\t\t\t\t\t<h2 class=\"elementor-heading-title elementor-size-default\">VERSCHIEDENE HILFSMITTEL<\/h2>\t\t\t\t<\/div>\n\t\t\t\t<\/div>\n\t\t\t\t<div class=\"elementor-element elementor-element-19aa444 elementor-widget elementor-widget-text-editor\" data-id=\"19aa444\" data-element_type=\"widget\" data-e-type=\"widget\" data-widget_type=\"text-editor.default\">\n\t\t\t\t<div class=\"elementor-widget-container\">\n\t\t\t\t\t\t\t\t\t<p><span style=\"color: #000000;\">Ausgaben, die f\u00fcr die Versorgungseinrichtungen Ihres Vivienda Vacacional-Gesch\u00e4fts anfallen, k\u00f6nnen als wesentliche Betriebskosten f\u00fcr Ihr Unternehmen abgezogen werden. Diese Ausgaben umfassen in der Regel Stromrechnungen, Wasserrechnungen, Internetverbindungskosten&#8230;.aber nicht beschr\u00e4nkt auf.<\/span><\/p>\t\t\t\t\t\t\t\t<\/div>\n\t\t\t\t<\/div>\n\t\t\t\t\t<\/div>\n\t\t<\/div>\n\t\t\t\t\t<\/div>\n\t\t<\/section>\n\t\t\t\t<section class=\"elementor-section elementor-top-section elementor-element elementor-element-4665cd8 elementor-section-boxed elementor-section-height-default elementor-section-height-default\" data-id=\"4665cd8\" data-element_type=\"section\" data-e-type=\"section\">\n\t\t\t\t\t\t<div class=\"elementor-container elementor-column-gap-default\">\n\t\t\t\t\t<div class=\"elementor-column elementor-col-100 elementor-top-column elementor-element elementor-element-7ac680d\" data-id=\"7ac680d\" data-element_type=\"column\" data-e-type=\"column\">\n\t\t\t<div class=\"elementor-widget-wrap elementor-element-populated\">\n\t\t\t\t\t\t<div class=\"elementor-element elementor-element-76b999d elementor-widget elementor-widget-heading\" data-id=\"76b999d\" data-element_type=\"widget\" data-e-type=\"widget\" data-widget_type=\"heading.default\">\n\t\t\t\t<div class=\"elementor-widget-container\">\n\t\t\t\t\t<h3 class=\"elementor-heading-title elementor-size-default\">NORMALE GEB\u00c4UDEVERWALTUNGSKOSTEN<\/h3>\t\t\t\t<\/div>\n\t\t\t\t<\/div>\n\t\t\t\t<div class=\"elementor-element elementor-element-60ed2ff elementor-widget elementor-widget-text-editor\" data-id=\"60ed2ff\" data-element_type=\"widget\" data-e-type=\"widget\" data-widget_type=\"text-editor.default\">\n\t\t\t\t<div class=\"elementor-widget-container\">\n\t\t\t\t\t\t\t\t\t<p><span style=\"color: #000000;\">Die Kosten f\u00fcr die Verwaltung der Eigentumswohnungen k\u00f6nnen die Instandhaltung des Geb\u00e4udes, in dem sich die Immobilie befindet, die Pflege der G\u00e4rten und des Swimmingpools, falls vorhanden, sowie die F\u00fchrung der Konten durch den Verwalter umfassen, der auf den Kanarischen Inseln sehr h\u00e4ufig von einer Firma vertreten wird.<\/span><\/p>\t\t\t\t\t\t\t\t<\/div>\n\t\t\t\t<\/div>\n\t\t\t\t\t<\/div>\n\t\t<\/div>\n\t\t\t\t\t<\/div>\n\t\t<\/section>\n\t\t\t\t<section class=\"elementor-section elementor-top-section elementor-element elementor-element-665ab18 elementor-section-boxed elementor-section-height-default elementor-section-height-default\" data-id=\"665ab18\" data-element_type=\"section\" data-e-type=\"section\">\n\t\t\t\t\t\t<div class=\"elementor-container elementor-column-gap-default\">\n\t\t\t\t\t<div class=\"elementor-column elementor-col-100 elementor-top-column elementor-element elementor-element-788d996\" data-id=\"788d996\" data-element_type=\"column\" data-e-type=\"column\">\n\t\t\t<div class=\"elementor-widget-wrap elementor-element-populated\">\n\t\t\t\t\t\t<div class=\"elementor-element elementor-element-2890a56 elementor-widget elementor-widget-heading\" data-id=\"2890a56\" data-element_type=\"widget\" data-e-type=\"widget\" data-widget_type=\"heading.default\">\n\t\t\t\t<div class=\"elementor-widget-container\">\n\t\t\t\t\t<h3 class=\"elementor-heading-title elementor-size-default\">REINIGUNGSKOSTEN<\/h3>\t\t\t\t<\/div>\n\t\t\t\t<\/div>\n\t\t\t\t<div class=\"elementor-element elementor-element-fef3ada elementor-widget elementor-widget-text-editor\" data-id=\"fef3ada\" data-element_type=\"widget\" data-e-type=\"widget\" data-widget_type=\"text-editor.default\">\n\t\t\t\t<div class=\"elementor-widget-container\">\n\t\t\t\t\t\t\t\t\t<p><span style=\"color: #000000;\">Reinigungskosten, die von spezialisierten Firmen oder Unternehmen durchgef\u00fchrt werden, k\u00f6nnen ebenfalls abgezogen werden. Wenn n\u00e4mlich professionelle Dienstleistungen f\u00fcr die Reinigung der Wohnung, das Waschen der W\u00e4sche und die Instandhaltung der Wohnung in Anspruch genommen werden, k\u00f6nnen die entsprechenden Ausgaben als abzugsf\u00e4hig gelten. <\/span><\/p>\t\t\t\t\t\t\t\t<\/div>\n\t\t\t\t<\/div>\n\t\t\t\t\t<\/div>\n\t\t<\/div>\n\t\t\t\t\t<\/div>\n\t\t<\/section>\n\t\t\t\t<section class=\"elementor-section elementor-top-section elementor-element elementor-element-f5fb3fe elementor-section-boxed elementor-section-height-default elementor-section-height-default\" data-id=\"f5fb3fe\" data-element_type=\"section\" data-e-type=\"section\">\n\t\t\t\t\t\t<div class=\"elementor-container elementor-column-gap-default\">\n\t\t\t\t\t<div class=\"elementor-column elementor-col-100 elementor-top-column elementor-element elementor-element-b05358f\" data-id=\"b05358f\" data-element_type=\"column\" data-e-type=\"column\">\n\t\t\t<div class=\"elementor-widget-wrap elementor-element-populated\">\n\t\t\t\t\t\t<div class=\"elementor-element elementor-element-e608044 elementor-widget elementor-widget-heading\" data-id=\"e608044\" data-element_type=\"widget\" data-e-type=\"widget\" data-widget_type=\"heading.default\">\n\t\t\t\t<div class=\"elementor-widget-container\">\n\t\t\t\t\t<h3 class=\"elementor-heading-title elementor-size-default\">PROVISIONEN VON BUCHUNGS- UND VERWALTUNGSPORTALEN<\/h3>\t\t\t\t<\/div>\n\t\t\t\t<\/div>\n\t\t\t\t<div class=\"elementor-element elementor-element-7bc828a elementor-widget elementor-widget-text-editor\" data-id=\"7bc828a\" data-element_type=\"widget\" data-e-type=\"widget\" data-widget_type=\"text-editor.default\">\n\t\t\t\t<div class=\"elementor-widget-container\">\n\t\t\t\t\t\t\t\t\t<p><span style=\"color: #000000;\">Nat\u00fcrlich k\u00f6nnen Sie dann alle Rechnungen f\u00fcr Provisionen von den verschiedenen touristischen Buchungsportalen wie Booking, Airbnb, VRBO und anderen abziehen, die, um Ihnen Sichtbarkeit zu verschaffen, von Ihnen einen Prozentsatz Ihrer Mieteinnahmen verlangen. Dieser Prozentsatz wird auch von jeder Agentur oder Person oder Firma verlangt, die Ihre vivienda vacacional verwaltet (Einchecken, Auschecken, Betreuung der Immobilie und der Touristen, Notfallhilfe, \u00dcberwachung der Reinigung und Wartung der Immobilie) und ist ebenfalls steuerlich absetzbar. <\/span><\/p>\t\t\t\t\t\t\t\t<\/div>\n\t\t\t\t<\/div>\n\t\t\t\t\t<\/div>\n\t\t<\/div>\n\t\t\t\t\t<\/div>\n\t\t<\/section>\n\t\t\t\t<section class=\"elementor-section elementor-top-section elementor-element elementor-element-f0b6cdb elementor-section-boxed elementor-section-height-default elementor-section-height-default\" data-id=\"f0b6cdb\" data-element_type=\"section\" data-e-type=\"section\">\n\t\t\t\t\t\t<div class=\"elementor-container elementor-column-gap-default\">\n\t\t\t\t\t<div class=\"elementor-column elementor-col-100 elementor-top-column elementor-element elementor-element-700fdca\" data-id=\"700fdca\" data-element_type=\"column\" data-e-type=\"column\">\n\t\t\t<div class=\"elementor-widget-wrap elementor-element-populated\">\n\t\t\t\t\t\t<div class=\"elementor-element elementor-element-a482fa3 elementor-widget elementor-widget-heading\" data-id=\"a482fa3\" data-element_type=\"widget\" data-e-type=\"widget\" data-widget_type=\"heading.default\">\n\t\t\t\t<div class=\"elementor-widget-container\">\n\t\t\t\t\t<h3 class=\"elementor-heading-title elementor-size-default\">VERSICHERUNGSPR\u00c4MIE<\/h3>\t\t\t\t<\/div>\n\t\t\t\t<\/div>\n\t\t\t\t<div class=\"elementor-element elementor-element-c30089c elementor-widget elementor-widget-text-editor\" data-id=\"c30089c\" data-element_type=\"widget\" data-e-type=\"widget\" data-widget_type=\"text-editor.default\">\n\t\t\t\t<div class=\"elementor-widget-container\">\n\t\t\t\t\t\t\t\t\t<p><span style=\"color: #000000;\">Das Gesetz Vivienda vacacional verpflichtet Sie, eine spezielle Versicherung abzuschlie\u00dfen, die Sch\u00e4den durch Touristen, an Dritten, atmosph\u00e4rische Sch\u00e4den oder Sch\u00e4den am Inhalt der Immobilie f\u00fcr alle Eventualit\u00e4ten abdeckt. Die Jahrespr\u00e4mie, die Sie f\u00fcr diese Versicherung zahlen, k\u00f6nnen Sie nach dem Einkommensteuergesetz von Ihrer Steuer f\u00fcr das betreffende Jahr absetzen. &nbsp;<\/span><\/p>\t\t\t\t\t\t\t\t<\/div>\n\t\t\t\t<\/div>\n\t\t\t\t\t<\/div>\n\t\t<\/div>\n\t\t\t\t\t<\/div>\n\t\t<\/section>\n\t\t\t\t<section class=\"elementor-section elementor-top-section elementor-element elementor-element-10b9905 elementor-section-boxed elementor-section-height-default elementor-section-height-default\" data-id=\"10b9905\" data-element_type=\"section\" data-e-type=\"section\">\n\t\t\t\t\t\t<div class=\"elementor-container elementor-column-gap-default\">\n\t\t\t\t\t<div class=\"elementor-column elementor-col-100 elementor-top-column elementor-element elementor-element-8436b9a\" data-id=\"8436b9a\" data-element_type=\"column\" data-e-type=\"column\">\n\t\t\t<div class=\"elementor-widget-wrap elementor-element-populated\">\n\t\t\t\t\t\t<div class=\"elementor-element elementor-element-08250d5 elementor-widget elementor-widget-heading\" data-id=\"08250d5\" data-element_type=\"widget\" data-e-type=\"widget\" data-widget_type=\"heading.default\">\n\t\t\t\t<div class=\"elementor-widget-container\">\n\t\t\t\t\t<h3 class=\"elementor-heading-title elementor-size-default\">AUSGABEN F\u00dcR DIE AUSSTATTUNG ODER DIE DOTIERUNG DES GEB\u00c4UDES<\/h3>\t\t\t\t<\/div>\n\t\t\t\t<\/div>\n\t\t\t\t<div class=\"elementor-element elementor-element-358c721 elementor-widget elementor-widget-text-editor\" data-id=\"358c721\" data-element_type=\"widget\" data-e-type=\"widget\" data-widget_type=\"text-editor.default\">\n\t\t\t\t<div class=\"elementor-widget-container\">\n\t\t\t\t\t\t\t\t\t<p class=\"p1\"><span style=\"color: #000000;\">Wenn Sie ein Ferienhaus besitzen, gibt es zahlreiche Details, auf die Sie achten m\u00fcssen, um Ihren G\u00e4sten ein angenehmes Erlebnis zu bieten. Von Bad- und Schlafzimmerw\u00e4sche, die immer in ausgezeichnetem Zustand, nicht befleckt und von guter Qualit\u00e4t ist, bis hin zu Kleinger\u00e4ten wie Moka-Kaffeemaschinen, Wasserkochern, T\u00f6pfen und Pfannen in verschiedenen Gr\u00f6\u00dfen und K\u00fcchenutensilien, die nicht ruiniert oder rostig sind. Alle Anschaffungen, die Sie f\u00fcr Ihr Unternehmen t\u00e4tigen, k\u00f6nnen Ihr Einkommen verbessern und sind steuerlich absetzbar.  <\/span><\/p>\t\t\t\t\t\t\t\t<\/div>\n\t\t\t\t<\/div>\n\t\t\t\t\t<\/div>\n\t\t<\/div>\n\t\t\t\t\t<\/div>\n\t\t<\/section>\n\t\t\t\t<section class=\"elementor-section elementor-top-section elementor-element elementor-element-dc9af10 elementor-section-boxed elementor-section-height-default elementor-section-height-default\" data-id=\"dc9af10\" data-element_type=\"section\" data-e-type=\"section\">\n\t\t\t\t\t\t<div class=\"elementor-container elementor-column-gap-default\">\n\t\t\t\t\t<div class=\"elementor-column elementor-col-100 elementor-top-column elementor-element elementor-element-e85cac4\" data-id=\"e85cac4\" data-element_type=\"column\" data-e-type=\"column\">\n\t\t\t<div class=\"elementor-widget-wrap elementor-element-populated\">\n\t\t\t\t\t\t<div class=\"elementor-element elementor-element-d8feb4d elementor-widget elementor-widget-heading\" data-id=\"d8feb4d\" data-element_type=\"widget\" data-e-type=\"widget\" data-widget_type=\"heading.default\">\n\t\t\t\t<div class=\"elementor-widget-container\">\n\t\t\t\t\t<h3 class=\"elementor-heading-title elementor-size-default\">SCHNELLES EINGREIFEN UND WARTUNG<\/h3>\t\t\t\t<\/div>\n\t\t\t\t<\/div>\n\t\t\t\t<div class=\"elementor-element elementor-element-2471849 elementor-widget elementor-widget-text-editor\" data-id=\"2471849\" data-element_type=\"widget\" data-e-type=\"widget\" data-widget_type=\"text-editor.default\">\n\t\t\t\t<div class=\"elementor-widget-container\">\n\t\t\t\t\t\t\t\t\t<p class=\"p1\"><span style=\"color: #000000;\">Ebenfalls abzugsf\u00e4hig sind alle Ausgaben f\u00fcr Notfallarbeiten von Fachleuten wie Elektrikern, Klempnern oder \u00e4hnlichem sowie kleinere Wartungsarbeiten wie das Streichen von W\u00e4nden oder die Reparatur von Schl\u00f6ssern durch einen Schreiner.<\/span><\/p>\t\t\t\t\t\t\t\t<\/div>\n\t\t\t\t<\/div>\n\t\t\t\t\t<\/div>\n\t\t<\/div>\n\t\t\t\t\t<\/div>\n\t\t<\/section>\n\t\t\t\t<section class=\"elementor-section elementor-top-section elementor-element elementor-element-523085a elementor-section-boxed elementor-section-height-default elementor-section-height-default\" data-id=\"523085a\" data-element_type=\"section\" data-e-type=\"section\">\n\t\t\t\t\t\t<div class=\"elementor-container elementor-column-gap-default\">\n\t\t\t\t\t<div class=\"elementor-column elementor-col-100 elementor-top-column elementor-element elementor-element-aa3b61c\" data-id=\"aa3b61c\" data-element_type=\"column\" data-e-type=\"column\">\n\t\t\t<div class=\"elementor-widget-wrap elementor-element-populated\">\n\t\t\t\t\t\t<div class=\"elementor-element elementor-element-c77e095 elementor-widget elementor-widget-heading\" data-id=\"c77e095\" data-element_type=\"widget\" data-e-type=\"widget\" data-widget_type=\"heading.default\">\n\t\t\t\t<div class=\"elementor-widget-container\">\n\t\t\t\t\t<h3 class=\"elementor-heading-title elementor-size-default\">DIENSTLEISTUNGEN DRITTER<\/h3>\t\t\t\t<\/div>\n\t\t\t\t<\/div>\n\t\t\t\t<div class=\"elementor-element elementor-element-b2f3cfa elementor-widget elementor-widget-text-editor\" data-id=\"b2f3cfa\" data-element_type=\"widget\" data-e-type=\"widget\" data-widget_type=\"text-editor.default\">\n\t\t\t\t<div class=\"elementor-widget-container\">\n\t\t\t\t\t\t\t\t\t<p><span style=\"color: #000000;\">F\u00fcr die Verwaltung Ihres Unternehmens ben\u00f6tigen Sie m\u00f6glicherweise professionelle Dritte, wie z.B. einen Buchhalter, einen Anwalt, eine Immobilienagentur&#8230; alle Geb\u00fchren dieser Fachleute im Zusammenhang mit Ihrem Ferienhaus sind steuerlich absetzbar.<\/span><\/p>\t\t\t\t\t\t\t\t<\/div>\n\t\t\t\t<\/div>\n\t\t\t\t\t<\/div>\n\t\t<\/div>\n\t\t\t\t\t<\/div>\n\t\t<\/section>\n\t\t\t\t<section class=\"elementor-section elementor-top-section elementor-element elementor-element-29de979 elementor-section-boxed elementor-section-height-default elementor-section-height-default\" data-id=\"29de979\" data-element_type=\"section\" data-e-type=\"section\">\n\t\t\t\t\t\t<div class=\"elementor-container elementor-column-gap-default\">\n\t\t\t\t\t<div class=\"elementor-column elementor-col-100 elementor-top-column elementor-element elementor-element-182d803\" data-id=\"182d803\" data-element_type=\"column\" data-e-type=\"column\">\n\t\t\t<div class=\"elementor-widget-wrap elementor-element-populated\">\n\t\t\t\t\t\t<div class=\"elementor-element elementor-element-1dc35c0 elementor-widget elementor-widget-heading\" data-id=\"1dc35c0\" data-element_type=\"widget\" data-e-type=\"widget\" data-widget_type=\"heading.default\">\n\t\t\t\t<div class=\"elementor-widget-container\">\n\t\t\t\t\t<h3 class=\"elementor-heading-title elementor-size-default\">STEUERN<\/h3>\t\t\t\t<\/div>\n\t\t\t\t<\/div>\n\t\t\t\t<div class=\"elementor-element elementor-element-545e50c elementor-widget elementor-widget-text-editor\" data-id=\"545e50c\" data-element_type=\"widget\" data-e-type=\"widget\" data-widget_type=\"text-editor.default\">\n\t\t\t\t<div class=\"elementor-widget-container\">\n\t\t\t\t\t\t\t\t\t<p><span style=\"color: #000000;\">Grundsteuern, wie die st\u00e4dtische Grundsteuer (IBI) und die M\u00fcllabfuhrsteuer (Basura), die eigene Gemeindesteuern sind und die Kosten f\u00fcr Eigentum und Abfallentsorgung decken, k\u00f6nnen von den pers\u00f6nlichen oder gesch\u00e4ftlichen Steuern abgezogen werden.  <\/span><\/p>\t\t\t\t\t\t\t\t<\/div>\n\t\t\t\t<\/div>\n\t\t\t\t\t<\/div>\n\t\t<\/div>\n\t\t\t\t\t<\/div>\n\t\t<\/section>\n\t\t\t\t<section class=\"elementor-section elementor-top-section elementor-element elementor-element-9f130bb elementor-section-boxed elementor-section-height-default elementor-section-height-default\" data-id=\"9f130bb\" data-element_type=\"section\" data-e-type=\"section\">\n\t\t\t\t\t\t<div class=\"elementor-container elementor-column-gap-default\">\n\t\t\t\t\t<div class=\"elementor-column elementor-col-100 elementor-top-column elementor-element elementor-element-9684e5b\" data-id=\"9684e5b\" data-element_type=\"column\" data-e-type=\"column\">\n\t\t\t<div class=\"elementor-widget-wrap elementor-element-populated\">\n\t\t\t\t\t\t<div class=\"elementor-element elementor-element-be5ac3f elementor-widget elementor-widget-heading\" data-id=\"be5ac3f\" data-element_type=\"widget\" data-e-type=\"widget\" data-widget_type=\"heading.default\">\n\t\t\t\t<div class=\"elementor-widget-container\">\n\t\t\t\t\t<h2 class=\"elementor-heading-title elementor-size-default\">TIPP<\/h2>\t\t\t\t<\/div>\n\t\t\t\t<\/div>\n\t\t\t\t<div class=\"elementor-element elementor-element-ab0ee1d elementor-widget elementor-widget-text-editor\" data-id=\"ab0ee1d\" data-element_type=\"widget\" data-e-type=\"widget\" data-widget_type=\"text-editor.default\">\n\t\t\t\t<div class=\"elementor-widget-container\">\n\t\t\t\t\t\t\t\t\t<p class=\"p1\"><span style=\"color: #000000;\">Um eine genaue Verwaltung Ihrer Ausgaben zu gew\u00e4hrleisten, ist es notwendig, die Rechnungen von Dienstleistern aufzubewahren. Beachten Sie jedoch, dass die M\u00f6glichkeit, diese Ausgaben abzuziehen, je nach Anzahl der Tage, an denen Sie G\u00e4ste hatten, begrenzt ist. <\/span><\/p><p class=\"p1\"><span style=\"color: rgb(0, 0, 0); font-family: var( --e-global-typography-text-font-family ), Sans-serif; font-weight: var( --e-global-typography-text-font-weight );\">Bewahren Sie daher unbedingt eine Kopie aller Rechnungen von Immobilien-Dienstleistern und Fachleuten auf, die w\u00e4hrend des Zeitraums, in dem Sie Ihre G\u00e4ste beherbergt haben, oder anderweitig im Zusammenhang mit einer Buchung in Ihrem Ferienhaus t\u00e4tig waren.<\/span><\/p>\t\t\t\t\t\t\t\t<\/div>\n\t\t\t\t<\/div>\n\t\t\t\t<div class=\"elementor-element elementor-element-667298d elementor-widget elementor-widget-heading\" data-id=\"667298d\" data-element_type=\"widget\" data-e-type=\"widget\" data-widget_type=\"heading.default\">\n\t\t\t\t<div class=\"elementor-widget-container\">\n\t\t\t\t\t<h3 class=\"elementor-heading-title elementor-size-default\">F\u00dcR WEITERE INFORMATIONEN Z\u00d6GERN SIE BITTE NICHT, MICH ZU KONTAKTIEREN<\/h3>\t\t\t\t<\/div>\n\t\t\t\t<\/div>\n\t\t\t\t<div class=\"elementor-element elementor-element-30f218c elementor-align-center elementor-widget elementor-widget-button\" data-id=\"30f218c\" data-element_type=\"widget\" data-e-type=\"widget\" data-widget_type=\"button.default\">\n\t\t\t\t<div class=\"elementor-widget-container\">\n\t\t\t\t\t\t\t\t\t<div class=\"elementor-button-wrapper\">\n\t\t\t\t\t<a class=\"elementor-button elementor-button-link elementor-size-sm\" href=\"https:\/\/www.propertyforsalegrancanaria.com\/de\/informationen-anfordern\/\">\n\t\t\t\t\t\t<span class=\"elementor-button-content-wrapper\">\n\t\t\t\t\t\t\t\t\t<span class=\"elementor-button-text\">KONTAKT MICH<\/span>\n\t\t\t\t\t<\/span>\n\t\t\t\t\t<\/a>\n\t\t\t\t<\/div>\n\t\t\t\t\t\t\t\t<\/div>\n\t\t\t\t<\/div>\n\t\t\t\t<div class=\"elementor-element elementor-element-ab6828e elementor-widget elementor-widget-spacer\" data-id=\"ab6828e\" data-element_type=\"widget\" data-e-type=\"widget\" data-widget_type=\"spacer.default\">\n\t\t\t\t<div class=\"elementor-widget-container\">\n\t\t\t\t\t\t\t<div class=\"elementor-spacer\">\n\t\t\t<div class=\"elementor-spacer-inner\"><\/div>\n\t\t<\/div>\n\t\t\t\t\t\t<\/div>\n\t\t\t\t<\/div>\n\t\t\t\t\t<\/div>\n\t\t<\/div>\n\t\t\t\t\t<\/div>\n\t\t<\/section>\n\t\t\t\t<section class=\"elementor-section elementor-top-section elementor-element elementor-element-3bcf3ca elementor-section-boxed elementor-section-height-default elementor-section-height-default\" data-id=\"3bcf3ca\" data-element_type=\"section\" data-e-type=\"section\">\n\t\t\t\t\t\t<div class=\"elementor-container elementor-column-gap-default\">\n\t\t\t\t\t<div class=\"elementor-column elementor-col-100 elementor-top-column elementor-element elementor-element-4193f5c\" data-id=\"4193f5c\" data-element_type=\"column\" data-e-type=\"column\">\n\t\t\t<div class=\"elementor-widget-wrap elementor-element-populated\">\n\t\t\t\t\t\t<div class=\"elementor-element elementor-element-256ea6b elementor-author-box--avatar-yes elementor-author-box--name-yes elementor-author-box--biography-yes elementor-author-box--link-no elementor-widget elementor-widget-author-box\" data-id=\"256ea6b\" data-element_type=\"widget\" data-e-type=\"widget\" data-widget_type=\"author-box.default\">\n\t\t\t\t<div class=\"elementor-widget-container\">\n\t\t\t\t\t\t\t<div class=\"elementor-author-box\">\n\t\t\t\t\t\t\t<div  class=\"elementor-author-box__avatar\">\n\t\t\t\t\t<img decoding=\"async\" src=\"https:\/\/www.propertyforsalegrancanaria.com\/wp-content\/uploads\/2022\/07\/il-circolo-degli-investitori-immobiliari-di-daniele-piccoli-300x300.jpg\" alt=\"Bild von Daniele Piccoli\" loading=\"lazy\">\n\t\t\t\t<\/div>\n\t\t\t\n\t\t\t<div class=\"elementor-author-box__text\">\n\t\t\t\t\t\t\t\t\t<div >\n\t\t\t\t\t\t<h4 class=\"elementor-author-box__name\">\n\t\t\t\t\t\t\tDaniele Piccoli\t\t\t\t\t\t<\/h4>\n\t\t\t\t\t<\/div>\n\t\t\t\t\n\t\t\t\t\t\t\t\t\t<div class=\"elementor-author-box__bio\">\n\t\t\t\t\t\t\t\t\t\t\t<\/div>\n\t\t\t\t\n\t\t\t\t\t\t\t<\/div>\n\t\t<\/div>\n\t\t\t\t\t\t<\/div>\n\t\t\t\t<\/div>\n\t\t\t\t\t<\/div>\n\t\t<\/div>\n\t\t\t\t\t<\/div>\n\t\t<\/section>\n\t\t\t\t<\/div>\n\t\t","protected":false},"excerpt":{"rendered":"<p>STEUERABZ\u00dcGE F\u00dcR KURZFRISTIGE VERMIETUNGEN<\/p>\n","protected":false},"author":1,"featured_media":38310,"comment_status":"open","ping_status":"open","sticky":false,"template":"","format":"standard","meta":{"footnotes":""},"categories":[1195,1171,1163],"tags":[546,544,547,545,543],"class_list":["post-41909","post","type-post","status-publish","format-standard","has-post-thumbnail","hentry","category-gebuhren-und-steuern","category-kurzzeit-touristenvermietung","category-vivienda-vacacional-de","tag-abzugsfahige-ausgaben-ferienhaus-gran-canaria","tag-abzugsfahige-ausgaben-fur-kurzzeitvermietungen-auf-gran-canaria","tag-steuerabzug-fur-kurzfristige-mietobjekte-auf-gran-canaria","tag-steuerabzug-vivienda-vacacional","tag-steuerabzuge-fur-kurzfristige-vermietungen"],"yoast_head":"<!-- This site is optimized with the Yoast SEO Premium plugin v27.4 (Yoast SEO v27.5) - https:\/\/yoast.com\/product\/yoast-seo-premium-wordpress\/ -->\n<title>Steuerabz\u00fcge f\u00fcr Kurzzeitvermietungen auf Gran Canaria - Vivienda Vacacional<\/title>\n<meta name=\"description\" content=\"Welche Ausgaben k\u00f6nnen Sie f\u00fcr ein Ferienhaus auf Gran Canaria mit einer regul\u00e4ren Vivienda Vacacional-Lizenz absetzen?\" \/>\n<meta name=\"robots\" content=\"index, follow, max-snippet:-1, max-image-preview:large, max-video-preview:-1\" \/>\n<link rel=\"canonical\" href=\"https:\/\/www.propertyforsalegrancanaria.com\/de\/abzugsfaehige-ausgaben-vivienda-vacacional\/\" \/>\n<meta property=\"og:locale\" content=\"de_DE\" \/>\n<meta property=\"og:type\" content=\"article\" \/>\n<meta property=\"og:title\" content=\"ABZUGSF\u00c4HIGE AUSGABEN F\u00dcR DIE VIVIENDA VACACIONAL\" \/>\n<meta property=\"og:description\" content=\"Welche Ausgaben k\u00f6nnen Sie f\u00fcr ein Ferienhaus auf Gran Canaria mit einer regul\u00e4ren Vivienda Vacacional-Lizenz absetzen?\" \/>\n<meta property=\"og:url\" content=\"https:\/\/www.propertyforsalegrancanaria.com\/de\/abzugsfaehige-ausgaben-vivienda-vacacional\/\" \/>\n<meta property=\"og:site_name\" content=\"Property for sale Gran Canaria\" \/>\n<meta property=\"article:publisher\" content=\"https:\/\/www.facebook.com\/DANIELEPICCOLIPROPERTYFORSALEGRANCANARIA\" \/>\n<meta property=\"article:author\" content=\"https:\/\/www.facebook.com\/DANIELEPICCOLIPROPERTYFORSALEGRANCANARIA\" \/>\n<meta property=\"article:published_time\" content=\"2023-06-04T10:38:27+00:00\" \/>\n<meta property=\"article:modified_time\" content=\"2025-04-16T12:22:28+00:00\" \/>\n<meta property=\"og:image\" content=\"https:\/\/www.propertyforsalegrancanaria.com\/wp-content\/uploads\/2023\/06\/Daniele-Piccoli-1024x577.png\" \/>\n<meta name=\"author\" content=\"Daniele Piccoli\" \/>\n<meta name=\"twitter:card\" content=\"summary_large_image\" \/>\n<meta name=\"twitter:title\" content=\"ABZUGSF\u00c4HIGE AUSGABEN VIVIENDA VACACIONAL\" \/>\n<meta name=\"twitter:label1\" content=\"Verfasst von\" \/>\n\t<meta name=\"twitter:data1\" content=\"Daniele Piccoli\" \/>\n\t<meta name=\"twitter:label2\" content=\"Gesch\u00e4tzte Lesezeit\" \/>\n\t<meta name=\"twitter:data2\" content=\"3\u00a0Minuten\" \/>\n<script type=\"application\/ld+json\" class=\"yoast-schema-graph\">{\"@context\":\"https:\\\/\\\/schema.org\",\"@graph\":[{\"@type\":\"Article\",\"@id\":\"https:\\\/\\\/www.propertyforsalegrancanaria.com\\\/de\\\/abzugsfaehige-ausgaben-vivienda-vacacional\\\/#article\",\"isPartOf\":{\"@id\":\"https:\\\/\\\/www.propertyforsalegrancanaria.com\\\/de\\\/abzugsfaehige-ausgaben-vivienda-vacacional\\\/\"},\"author\":{\"name\":\"Daniele Piccoli\",\"@id\":\"https:\\\/\\\/www.propertyforsalegrancanaria.com\\\/de\\\/#\\\/schema\\\/person\\\/0eaa025603490fa850c97320f3c66582\"},\"headline\":\"ABZUGSF\u00c4HIGE AUSGABEN VIVIENDA VACACIONAL\",\"datePublished\":\"2023-06-04T10:38:27+00:00\",\"dateModified\":\"2025-04-16T12:22:28+00:00\",\"mainEntityOfPage\":{\"@id\":\"https:\\\/\\\/www.propertyforsalegrancanaria.com\\\/de\\\/abzugsfaehige-ausgaben-vivienda-vacacional\\\/\"},\"wordCount\":646,\"commentCount\":0,\"publisher\":{\"@id\":\"https:\\\/\\\/www.propertyforsalegrancanaria.com\\\/de\\\/#organization\"},\"image\":{\"@id\":\"https:\\\/\\\/www.propertyforsalegrancanaria.com\\\/de\\\/abzugsfaehige-ausgaben-vivienda-vacacional\\\/#primaryimage\"},\"thumbnailUrl\":\"https:\\\/\\\/www.propertyforsalegrancanaria.com\\\/wp-content\\\/uploads\\\/2023\\\/06\\\/Daniele-Piccoli.png\",\"keywords\":[\"Abzugsf\u00e4hige Ausgaben Ferienhaus Gran Canaria\",\"Abzugsf\u00e4hige Ausgaben f\u00fcr Kurzzeitvermietungen auf Gran Canaria\",\"Steuerabzug f\u00fcr kurzfristige Mietobjekte auf Gran Canaria\",\"Steuerabzug vivienda vacacional\",\"Steuerabz\u00fcge f\u00fcr kurzfristige Vermietungen\"],\"articleSection\":[\"Geb\u00fchren und Steuern\",\"Kurzzeit-\\\/Touristenvermietung\",\"vivienda vacacional\"],\"inLanguage\":\"de\",\"potentialAction\":[{\"@type\":\"CommentAction\",\"name\":\"Comment\",\"target\":[\"https:\\\/\\\/www.propertyforsalegrancanaria.com\\\/de\\\/abzugsfaehige-ausgaben-vivienda-vacacional\\\/#respond\"]}],\"copyrightYear\":\"2023\",\"copyrightHolder\":{\"@id\":\"https:\\\/\\\/www.propertyforsalegrancanaria.com\\\/#organization\"}},{\"@type\":\"WebPage\",\"@id\":\"https:\\\/\\\/www.propertyforsalegrancanaria.com\\\/de\\\/abzugsfaehige-ausgaben-vivienda-vacacional\\\/\",\"url\":\"https:\\\/\\\/www.propertyforsalegrancanaria.com\\\/de\\\/abzugsfaehige-ausgaben-vivienda-vacacional\\\/\",\"name\":\"Steuerabz\u00fcge f\u00fcr Kurzzeitvermietungen auf Gran Canaria - Vivienda Vacacional\",\"isPartOf\":{\"@id\":\"https:\\\/\\\/www.propertyforsalegrancanaria.com\\\/de\\\/#website\"},\"primaryImageOfPage\":{\"@id\":\"https:\\\/\\\/www.propertyforsalegrancanaria.com\\\/de\\\/abzugsfaehige-ausgaben-vivienda-vacacional\\\/#primaryimage\"},\"image\":{\"@id\":\"https:\\\/\\\/www.propertyforsalegrancanaria.com\\\/de\\\/abzugsfaehige-ausgaben-vivienda-vacacional\\\/#primaryimage\"},\"thumbnailUrl\":\"https:\\\/\\\/www.propertyforsalegrancanaria.com\\\/wp-content\\\/uploads\\\/2023\\\/06\\\/Daniele-Piccoli.png\",\"datePublished\":\"2023-06-04T10:38:27+00:00\",\"dateModified\":\"2025-04-16T12:22:28+00:00\",\"description\":\"Welche Ausgaben k\u00f6nnen Sie f\u00fcr ein Ferienhaus auf Gran Canaria mit einer regul\u00e4ren Vivienda Vacacional-Lizenz absetzen?\",\"breadcrumb\":{\"@id\":\"https:\\\/\\\/www.propertyforsalegrancanaria.com\\\/de\\\/abzugsfaehige-ausgaben-vivienda-vacacional\\\/#breadcrumb\"},\"inLanguage\":\"de\",\"potentialAction\":[{\"@type\":\"ReadAction\",\"target\":[\"https:\\\/\\\/www.propertyforsalegrancanaria.com\\\/de\\\/abzugsfaehige-ausgaben-vivienda-vacacional\\\/\"]}]},{\"@type\":\"ImageObject\",\"inLanguage\":\"de\",\"@id\":\"https:\\\/\\\/www.propertyforsalegrancanaria.com\\\/de\\\/abzugsfaehige-ausgaben-vivienda-vacacional\\\/#primaryimage\",\"url\":\"https:\\\/\\\/www.propertyforsalegrancanaria.com\\\/wp-content\\\/uploads\\\/2023\\\/06\\\/Daniele-Piccoli.png\",\"contentUrl\":\"https:\\\/\\\/www.propertyforsalegrancanaria.com\\\/wp-content\\\/uploads\\\/2023\\\/06\\\/Daniele-Piccoli.png\",\"width\":1640,\"height\":924},{\"@type\":\"BreadcrumbList\",\"@id\":\"https:\\\/\\\/www.propertyforsalegrancanaria.com\\\/de\\\/abzugsfaehige-ausgaben-vivienda-vacacional\\\/#breadcrumb\",\"itemListElement\":[{\"@type\":\"ListItem\",\"position\":1,\"name\":\"Home\",\"item\":\"https:\\\/\\\/www.propertyforsalegrancanaria.com\\\/de\\\/\"},{\"@type\":\"ListItem\",\"position\":2,\"name\":\"ABZUGSF\u00c4HIGE AUSGABEN VIVIENDA VACACIONAL\"}]},{\"@type\":\"WebSite\",\"@id\":\"https:\\\/\\\/www.propertyforsalegrancanaria.com\\\/de\\\/#website\",\"url\":\"https:\\\/\\\/www.propertyforsalegrancanaria.com\\\/de\\\/\",\"name\":\"Property for sale Gran Canaria\",\"description\":\"Gran Canaria Case Vendita\",\"publisher\":{\"@id\":\"https:\\\/\\\/www.propertyforsalegrancanaria.com\\\/de\\\/#organization\"},\"alternateName\":\"Real Estate Gran Canaria\",\"potentialAction\":[{\"@type\":\"SearchAction\",\"target\":{\"@type\":\"EntryPoint\",\"urlTemplate\":\"https:\\\/\\\/www.propertyforsalegrancanaria.com\\\/de\\\/?s={search_term_string}\"},\"query-input\":{\"@type\":\"PropertyValueSpecification\",\"valueRequired\":true,\"valueName\":\"search_term_string\"}}],\"inLanguage\":\"de\"},{\"@type\":[\"Organization\",\"Place\",\"RealEstateAgent\"],\"@id\":\"https:\\\/\\\/www.propertyforsalegrancanaria.com\\\/de\\\/#organization\",\"name\":\"property for sale gran canaria\",\"url\":\"https:\\\/\\\/www.propertyforsalegrancanaria.com\\\/de\\\/\",\"logo\":{\"@id\":\"https:\\\/\\\/www.propertyforsalegrancanaria.com\\\/de\\\/abzugsfaehige-ausgaben-vivienda-vacacional\\\/#local-main-organization-logo\"},\"image\":{\"@id\":\"https:\\\/\\\/www.propertyforsalegrancanaria.com\\\/de\\\/abzugsfaehige-ausgaben-vivienda-vacacional\\\/#local-main-organization-logo\"},\"sameAs\":[\"https:\\\/\\\/www.facebook.com\\\/DANIELEPICCOLIPROPERTYFORSALEGRANCANARIA\"],\"address\":{\"@id\":\"https:\\\/\\\/www.propertyforsalegrancanaria.com\\\/de\\\/abzugsfaehige-ausgaben-vivienda-vacacional\\\/#local-main-place-address\"},\"geo\":{\"@type\":\"GeoCoordinates\",\"latitude\":\"27.784149\",\"longitude\":\"-15.650744\"},\"telephone\":[\"+34 635632009\",\"+34 635632009\"],\"contactPoint\":{\"@type\":\"ContactPoint\",\"telephone\":\"+34 635632009\",\"email\":\"info@propertyforsalegrancanaria.com\"},\"openingHoursSpecification\":[{\"@type\":\"OpeningHoursSpecification\",\"dayOfWeek\":[\"Monday\",\"Tuesday\",\"Wednesday\",\"Thursday\",\"Friday\"],\"opens\":\"10:00\",\"closes\":\"17:00\"},{\"@type\":\"OpeningHoursSpecification\",\"dayOfWeek\":[\"Saturday\",\"Sunday\"],\"opens\":\"00:00\",\"closes\":\"00:00\"}],\"email\":\"info@propertyforsalegrancanaria.com\",\"priceRange\":\"$\"},{\"@type\":\"Person\",\"@id\":\"https:\\\/\\\/www.propertyforsalegrancanaria.com\\\/de\\\/#\\\/schema\\\/person\\\/0eaa025603490fa850c97320f3c66582\",\"name\":\"Daniele Piccoli\",\"image\":{\"@type\":\"ImageObject\",\"inLanguage\":\"de\",\"@id\":\"https:\\\/\\\/www.propertyforsalegrancanaria.com\\\/wp-content\\\/uploads\\\/2022\\\/07\\\/il-circolo-degli-investitori-immobiliari-di-daniele-piccoli-150x150.jpg\",\"url\":\"https:\\\/\\\/www.propertyforsalegrancanaria.com\\\/wp-content\\\/uploads\\\/2022\\\/07\\\/il-circolo-degli-investitori-immobiliari-di-daniele-piccoli-150x150.jpg\",\"contentUrl\":\"https:\\\/\\\/www.propertyforsalegrancanaria.com\\\/wp-content\\\/uploads\\\/2022\\\/07\\\/il-circolo-degli-investitori-immobiliari-di-daniele-piccoli-150x150.jpg\",\"caption\":\"Daniele Piccoli\"},\"sameAs\":[\"https:\\\/\\\/www.propertyforsalegrancanaria.com\",\"https:\\\/\\\/www.facebook.com\\\/DANIELEPICCOLIPROPERTYFORSALEGRANCANARIA\"],\"url\":\"https:\\\/\\\/www.propertyforsalegrancanaria.com\\\/de\\\/author\\\/admin\\\/\"},{\"@type\":\"PostalAddress\",\"@id\":\"https:\\\/\\\/www.propertyforsalegrancanaria.com\\\/de\\\/abzugsfaehige-ausgaben-vivienda-vacacional\\\/#local-main-place-address\",\"streetAddress\":\"CALLE GREEN 1, COMPLEJO MANGOLF VILLAS\",\"addressLocality\":\"SALOBRE GOLF\",\"postalCode\":\"35106\",\"addressRegion\":\"Las Palmas\",\"addressCountry\":\"ES\"},{\"@type\":\"ImageObject\",\"inLanguage\":\"de\",\"@id\":\"https:\\\/\\\/www.propertyforsalegrancanaria.com\\\/de\\\/abzugsfaehige-ausgaben-vivienda-vacacional\\\/#local-main-organization-logo\",\"url\":\"https:\\\/\\\/www.propertyforsalegrancanaria.com\\\/wp-content\\\/uploads\\\/2023\\\/05\\\/PROPERTY-1024x768-copia-1.png\",\"contentUrl\":\"https:\\\/\\\/www.propertyforsalegrancanaria.com\\\/wp-content\\\/uploads\\\/2023\\\/05\\\/PROPERTY-1024x768-copia-1.png\",\"width\":1024,\"height\":768,\"caption\":\"property for sale gran canaria\"}]}<\/script>\n<meta name=\"geo.placename\" content=\"SALOBRE GOLF\" \/>\n<meta name=\"geo.position\" content=\"27.784149;-15.650744\" \/>\n<meta name=\"geo.region\" content=\"Spanien\" \/>\n<!-- \/ Yoast SEO Premium plugin. -->","yoast_head_json":{"title":"Steuerabz\u00fcge f\u00fcr Kurzzeitvermietungen auf Gran Canaria - Vivienda Vacacional","description":"Welche Ausgaben k\u00f6nnen Sie f\u00fcr ein Ferienhaus auf Gran Canaria mit einer regul\u00e4ren Vivienda Vacacional-Lizenz absetzen?","robots":{"index":"index","follow":"follow","max-snippet":"max-snippet:-1","max-image-preview":"max-image-preview:large","max-video-preview":"max-video-preview:-1"},"canonical":"https:\/\/www.propertyforsalegrancanaria.com\/de\/abzugsfaehige-ausgaben-vivienda-vacacional\/","og_locale":"de_DE","og_type":"article","og_title":"ABZUGSF\u00c4HIGE AUSGABEN F\u00dcR DIE VIVIENDA VACACIONAL","og_description":"Welche Ausgaben k\u00f6nnen Sie f\u00fcr ein Ferienhaus auf Gran Canaria mit einer regul\u00e4ren Vivienda Vacacional-Lizenz absetzen?","og_url":"https:\/\/www.propertyforsalegrancanaria.com\/de\/abzugsfaehige-ausgaben-vivienda-vacacional\/","og_site_name":"Property for sale Gran Canaria","article_publisher":"https:\/\/www.facebook.com\/DANIELEPICCOLIPROPERTYFORSALEGRANCANARIA","article_author":"https:\/\/www.facebook.com\/DANIELEPICCOLIPROPERTYFORSALEGRANCANARIA","article_published_time":"2023-06-04T10:38:27+00:00","article_modified_time":"2025-04-16T12:22:28+00:00","og_image":[{"url":"https:\/\/www.propertyforsalegrancanaria.com\/wp-content\/uploads\/2023\/06\/Daniele-Piccoli-1024x577.png","type":"","width":"","height":""}],"author":"Daniele Piccoli","twitter_card":"summary_large_image","twitter_title":"ABZUGSF\u00c4HIGE AUSGABEN VIVIENDA VACACIONAL","twitter_misc":{"Verfasst von":"Daniele Piccoli","Gesch\u00e4tzte Lesezeit":"3\u00a0Minuten"},"schema":{"@context":"https:\/\/schema.org","@graph":[{"@type":"Article","@id":"https:\/\/www.propertyforsalegrancanaria.com\/de\/abzugsfaehige-ausgaben-vivienda-vacacional\/#article","isPartOf":{"@id":"https:\/\/www.propertyforsalegrancanaria.com\/de\/abzugsfaehige-ausgaben-vivienda-vacacional\/"},"author":{"name":"Daniele Piccoli","@id":"https:\/\/www.propertyforsalegrancanaria.com\/de\/#\/schema\/person\/0eaa025603490fa850c97320f3c66582"},"headline":"ABZUGSF\u00c4HIGE AUSGABEN VIVIENDA VACACIONAL","datePublished":"2023-06-04T10:38:27+00:00","dateModified":"2025-04-16T12:22:28+00:00","mainEntityOfPage":{"@id":"https:\/\/www.propertyforsalegrancanaria.com\/de\/abzugsfaehige-ausgaben-vivienda-vacacional\/"},"wordCount":646,"commentCount":0,"publisher":{"@id":"https:\/\/www.propertyforsalegrancanaria.com\/de\/#organization"},"image":{"@id":"https:\/\/www.propertyforsalegrancanaria.com\/de\/abzugsfaehige-ausgaben-vivienda-vacacional\/#primaryimage"},"thumbnailUrl":"https:\/\/www.propertyforsalegrancanaria.com\/wp-content\/uploads\/2023\/06\/Daniele-Piccoli.png","keywords":["Abzugsf\u00e4hige Ausgaben Ferienhaus Gran Canaria","Abzugsf\u00e4hige Ausgaben f\u00fcr Kurzzeitvermietungen auf Gran Canaria","Steuerabzug f\u00fcr kurzfristige Mietobjekte auf Gran Canaria","Steuerabzug vivienda vacacional","Steuerabz\u00fcge f\u00fcr kurzfristige Vermietungen"],"articleSection":["Geb\u00fchren und Steuern","Kurzzeit-\/Touristenvermietung","vivienda vacacional"],"inLanguage":"de","potentialAction":[{"@type":"CommentAction","name":"Comment","target":["https:\/\/www.propertyforsalegrancanaria.com\/de\/abzugsfaehige-ausgaben-vivienda-vacacional\/#respond"]}],"copyrightYear":"2023","copyrightHolder":{"@id":"https:\/\/www.propertyforsalegrancanaria.com\/#organization"}},{"@type":"WebPage","@id":"https:\/\/www.propertyforsalegrancanaria.com\/de\/abzugsfaehige-ausgaben-vivienda-vacacional\/","url":"https:\/\/www.propertyforsalegrancanaria.com\/de\/abzugsfaehige-ausgaben-vivienda-vacacional\/","name":"Steuerabz\u00fcge f\u00fcr Kurzzeitvermietungen auf Gran Canaria - Vivienda Vacacional","isPartOf":{"@id":"https:\/\/www.propertyforsalegrancanaria.com\/de\/#website"},"primaryImageOfPage":{"@id":"https:\/\/www.propertyforsalegrancanaria.com\/de\/abzugsfaehige-ausgaben-vivienda-vacacional\/#primaryimage"},"image":{"@id":"https:\/\/www.propertyforsalegrancanaria.com\/de\/abzugsfaehige-ausgaben-vivienda-vacacional\/#primaryimage"},"thumbnailUrl":"https:\/\/www.propertyforsalegrancanaria.com\/wp-content\/uploads\/2023\/06\/Daniele-Piccoli.png","datePublished":"2023-06-04T10:38:27+00:00","dateModified":"2025-04-16T12:22:28+00:00","description":"Welche Ausgaben k\u00f6nnen Sie f\u00fcr ein Ferienhaus auf Gran Canaria mit einer regul\u00e4ren Vivienda Vacacional-Lizenz absetzen?","breadcrumb":{"@id":"https:\/\/www.propertyforsalegrancanaria.com\/de\/abzugsfaehige-ausgaben-vivienda-vacacional\/#breadcrumb"},"inLanguage":"de","potentialAction":[{"@type":"ReadAction","target":["https:\/\/www.propertyforsalegrancanaria.com\/de\/abzugsfaehige-ausgaben-vivienda-vacacional\/"]}]},{"@type":"ImageObject","inLanguage":"de","@id":"https:\/\/www.propertyforsalegrancanaria.com\/de\/abzugsfaehige-ausgaben-vivienda-vacacional\/#primaryimage","url":"https:\/\/www.propertyforsalegrancanaria.com\/wp-content\/uploads\/2023\/06\/Daniele-Piccoli.png","contentUrl":"https:\/\/www.propertyforsalegrancanaria.com\/wp-content\/uploads\/2023\/06\/Daniele-Piccoli.png","width":1640,"height":924},{"@type":"BreadcrumbList","@id":"https:\/\/www.propertyforsalegrancanaria.com\/de\/abzugsfaehige-ausgaben-vivienda-vacacional\/#breadcrumb","itemListElement":[{"@type":"ListItem","position":1,"name":"Home","item":"https:\/\/www.propertyforsalegrancanaria.com\/de\/"},{"@type":"ListItem","position":2,"name":"ABZUGSF\u00c4HIGE AUSGABEN VIVIENDA VACACIONAL"}]},{"@type":"WebSite","@id":"https:\/\/www.propertyforsalegrancanaria.com\/de\/#website","url":"https:\/\/www.propertyforsalegrancanaria.com\/de\/","name":"Property for sale Gran Canaria","description":"Gran Canaria Case Vendita","publisher":{"@id":"https:\/\/www.propertyforsalegrancanaria.com\/de\/#organization"},"alternateName":"Real Estate Gran Canaria","potentialAction":[{"@type":"SearchAction","target":{"@type":"EntryPoint","urlTemplate":"https:\/\/www.propertyforsalegrancanaria.com\/de\/?s={search_term_string}"},"query-input":{"@type":"PropertyValueSpecification","valueRequired":true,"valueName":"search_term_string"}}],"inLanguage":"de"},{"@type":["Organization","Place","RealEstateAgent"],"@id":"https:\/\/www.propertyforsalegrancanaria.com\/de\/#organization","name":"property for sale gran canaria","url":"https:\/\/www.propertyforsalegrancanaria.com\/de\/","logo":{"@id":"https:\/\/www.propertyforsalegrancanaria.com\/de\/abzugsfaehige-ausgaben-vivienda-vacacional\/#local-main-organization-logo"},"image":{"@id":"https:\/\/www.propertyforsalegrancanaria.com\/de\/abzugsfaehige-ausgaben-vivienda-vacacional\/#local-main-organization-logo"},"sameAs":["https:\/\/www.facebook.com\/DANIELEPICCOLIPROPERTYFORSALEGRANCANARIA"],"address":{"@id":"https:\/\/www.propertyforsalegrancanaria.com\/de\/abzugsfaehige-ausgaben-vivienda-vacacional\/#local-main-place-address"},"geo":{"@type":"GeoCoordinates","latitude":"27.784149","longitude":"-15.650744"},"telephone":["+34 635632009","+34 635632009"],"contactPoint":{"@type":"ContactPoint","telephone":"+34 635632009","email":"info@propertyforsalegrancanaria.com"},"openingHoursSpecification":[{"@type":"OpeningHoursSpecification","dayOfWeek":["Monday","Tuesday","Wednesday","Thursday","Friday"],"opens":"10:00","closes":"17:00"},{"@type":"OpeningHoursSpecification","dayOfWeek":["Saturday","Sunday"],"opens":"00:00","closes":"00:00"}],"email":"info@propertyforsalegrancanaria.com","priceRange":"$"},{"@type":"Person","@id":"https:\/\/www.propertyforsalegrancanaria.com\/de\/#\/schema\/person\/0eaa025603490fa850c97320f3c66582","name":"Daniele Piccoli","image":{"@type":"ImageObject","inLanguage":"de","@id":"https:\/\/www.propertyforsalegrancanaria.com\/wp-content\/uploads\/2022\/07\/il-circolo-degli-investitori-immobiliari-di-daniele-piccoli-150x150.jpg","url":"https:\/\/www.propertyforsalegrancanaria.com\/wp-content\/uploads\/2022\/07\/il-circolo-degli-investitori-immobiliari-di-daniele-piccoli-150x150.jpg","contentUrl":"https:\/\/www.propertyforsalegrancanaria.com\/wp-content\/uploads\/2022\/07\/il-circolo-degli-investitori-immobiliari-di-daniele-piccoli-150x150.jpg","caption":"Daniele Piccoli"},"sameAs":["https:\/\/www.propertyforsalegrancanaria.com","https:\/\/www.facebook.com\/DANIELEPICCOLIPROPERTYFORSALEGRANCANARIA"],"url":"https:\/\/www.propertyforsalegrancanaria.com\/de\/author\/admin\/"},{"@type":"PostalAddress","@id":"https:\/\/www.propertyforsalegrancanaria.com\/de\/abzugsfaehige-ausgaben-vivienda-vacacional\/#local-main-place-address","streetAddress":"CALLE GREEN 1, COMPLEJO MANGOLF VILLAS","addressLocality":"SALOBRE GOLF","postalCode":"35106","addressRegion":"Las Palmas","addressCountry":"ES"},{"@type":"ImageObject","inLanguage":"de","@id":"https:\/\/www.propertyforsalegrancanaria.com\/de\/abzugsfaehige-ausgaben-vivienda-vacacional\/#local-main-organization-logo","url":"https:\/\/www.propertyforsalegrancanaria.com\/wp-content\/uploads\/2023\/05\/PROPERTY-1024x768-copia-1.png","contentUrl":"https:\/\/www.propertyforsalegrancanaria.com\/wp-content\/uploads\/2023\/05\/PROPERTY-1024x768-copia-1.png","width":1024,"height":768,"caption":"property for sale gran canaria"}]},"geo.placename":"SALOBRE GOLF","geo.position":{"lat":"27.784149","long":"-15.650744"},"geo.region":"Spanien"},"_links":{"self":[{"href":"https:\/\/www.propertyforsalegrancanaria.com\/de\/wp-json\/wp\/v2\/posts\/41909","targetHints":{"allow":["GET"]}}],"collection":[{"href":"https:\/\/www.propertyforsalegrancanaria.com\/de\/wp-json\/wp\/v2\/posts"}],"about":[{"href":"https:\/\/www.propertyforsalegrancanaria.com\/de\/wp-json\/wp\/v2\/types\/post"}],"author":[{"embeddable":true,"href":"https:\/\/www.propertyforsalegrancanaria.com\/de\/wp-json\/wp\/v2\/users\/1"}],"replies":[{"embeddable":true,"href":"https:\/\/www.propertyforsalegrancanaria.com\/de\/wp-json\/wp\/v2\/comments?post=41909"}],"version-history":[{"count":4,"href":"https:\/\/www.propertyforsalegrancanaria.com\/de\/wp-json\/wp\/v2\/posts\/41909\/revisions"}],"predecessor-version":[{"id":51751,"href":"https:\/\/www.propertyforsalegrancanaria.com\/de\/wp-json\/wp\/v2\/posts\/41909\/revisions\/51751"}],"wp:featuredmedia":[{"embeddable":true,"href":"https:\/\/www.propertyforsalegrancanaria.com\/de\/wp-json\/wp\/v2\/media\/38310"}],"wp:attachment":[{"href":"https:\/\/www.propertyforsalegrancanaria.com\/de\/wp-json\/wp\/v2\/media?parent=41909"}],"wp:term":[{"taxonomy":"category","embeddable":true,"href":"https:\/\/www.propertyforsalegrancanaria.com\/de\/wp-json\/wp\/v2\/categories?post=41909"},{"taxonomy":"post_tag","embeddable":true,"href":"https:\/\/www.propertyforsalegrancanaria.com\/de\/wp-json\/wp\/v2\/tags?post=41909"}],"curies":[{"name":"wp","href":"https:\/\/api.w.org\/{rel}","templated":true}]}}